{"id":954,"date":"2025-06-21T02:26:07","date_gmt":"2025-06-21T00:26:07","guid":{"rendered":"https:\/\/ajde-jano.pl\/?p=954"},"modified":"2025-06-21T02:26:07","modified_gmt":"2025-06-21T00:26:07","slug":"instruktorzy-xiv-festiwalu-tancow-w-kregu-w-ostromecku-04-07-08-2025","status":"publish","type":"post","link":"https:\/\/ajde-jano.pl\/index.php\/2025\/06\/21\/instruktorzy-xiv-festiwalu-tancow-w-kregu-w-ostromecku-04-07-08-2025\/","title":{"rendered":"INSTRUKTORZY XIV FESTIWALU TA\u0143C\u00d3W W KR\u0118GU W OSTROMECKU 04-07.08.2025"},"content":{"rendered":"\n<p>04.08.2025 r. -Marek Czarnowski &#8211; warsztat &#8220;Ta\u0144ce narodowe i regionalne Polski&#8221;<\/p>\n<p>\u00a0<\/p>\n<p>\u00a004.08.2025 r. -Anastazja Czarnowska &#8211; autorski warsztat ta\u0144c\u00f3w ukrai\u0144skich i kaukazkich.<\/p>\n<p>\u00a005.08.2025 r. Darko Bugari\u0107 -warsztaty ta\u0144c\u00f3w serbskich. &#8220;Hora, hora&#8221;<\/p>\n<p>\u00a005.08.2025 r &#8211; Elina Toneva &#8211; Warsztaty ta\u0144c\u00f3w bu\u0142garskich z elementami \u015bpiewu&#8221;<\/p>\n<p>\u00a006.08.2025 r. Magdalena Mak &#8211; warsztat pn. &#8220;Celtycki tygiel taneczny\u201d-<\/p>\n<p>\u00a0\u00a0\u00a0\u00a0\u00a0\u00a0\u00a0\u00a0\u00a0\u00a0\u00a0\u00a0\u00a0\u00a0\u00a0\u00a0\u00a0\u00a0\u00a0\u00a0\u00a0\u00a0\u00a0\u00a0\u00a0\u00a0\u00a0\u00a0\u00a0\u00a0 w poszukiwaniu w\u0142asnego \u00a0\u00a0i wsp\u00f3lnego \u00a0\u00a0rytmu&#8221;<\/p>\n<p>06.08.2025 r. Marta \u017bukowska \u2013 \u201eKobieco\u015b\u0107 w ta\u0144cu tradycyjnym\u201d.<\/p>\n<p>07.08.2025. r. -Iwona Dzierma -Warsztat pn. &#8220;Taneczna ekspresja&#8221;<\/p>\n","protected":false},"excerpt":{"rendered":"<p>04.08.2025 r. -Marek Czarnowski &#8211; warsztat &#8220;Ta\u0144ce narodowe i regionalne Polski&#8221; \u00a0 \u00a004.08.2025 r. -Anastazja Czarnowska &#8211; autorski warsztat ta\u0144c\u00f3w ukrai\u0144skich i kaukazkich. \u00a005.08.2025 r. Darko Bugari\u0107 -warsztaty ta\u0144c\u00f3w serbskich&#8230;.<\/p>\n","protected":false},"author":1,"featured_media":900,"comment_status":"closed","ping_status":"closed","sticky":false,"template":"","format":"standard","meta":{"jetpack_post_was_ever_published":false,"_jetpack_newsletter_access":"","_jetpack_dont_email_post_to_subs":false,"_jetpack_newsletter_tier_id":0,"_jetpack_memberships_contains_paywalled_content":false,"two_page_speed":[],"_jetpack_memberships_contains_paid_content":false,"footnotes":"","jetpack_publicize_message":"","jetpack_publicize_feature_enabled":true,"jetpack_social_post_already_shared":false,"jetpack_social_options":{"image_generator_settings":{"template":"highway","default_image_id":0,"enabled":false},"version":2}},"categories":[1],"tags":[],"class_list":["post-954","post","type-post","status-publish","format-standard","has-post-thumbnail","hentry","category-wpis"],"jetpack_publicize_connections":[],"jetpack_featured_media_url":"https:\/\/i0.wp.com\/ajde-jano.pl\/wp-content\/uploads\/DSC02164.jpg?fit=5472%2C3080&ssl=1","jetpack_sharing_enabled":true,"jetpack_shortlink":"https:\/\/wp.me\/p9cktr-fo","_links":{"self":[{"href":"https:\/\/ajde-jano.pl\/index.php\/wp-json\/wp\/v2\/posts\/954","targetHints":{"allow":["GET"]}}],"collection":[{"href":"https:\/\/ajde-jano.pl\/index.php\/wp-json\/wp\/v2\/posts"}],"about":[{"href":"https:\/\/ajde-jano.pl\/index.php\/wp-json\/wp\/v2\/types\/post"}],"author":[{"embeddable":true,"href":"https:\/\/ajde-jano.pl\/index.php\/wp-json\/wp\/v2\/users\/1"}],"replies":[{"embeddable":true,"href":"https:\/\/ajde-jano.pl\/index.php\/wp-json\/wp\/v2\/comments?post=954"}],"version-history":[{"count":1,"href":"https:\/\/ajde-jano.pl\/index.php\/wp-json\/wp\/v2\/posts\/954\/revisions"}],"predecessor-version":[{"id":955,"href":"https:\/\/ajde-jano.pl\/index.php\/wp-json\/wp\/v2\/posts\/954\/revisions\/955"}],"wp:featuredmedia":[{"embeddable":true,"href":"https:\/\/ajde-jano.pl\/index.php\/wp-json\/wp\/v2\/media\/900"}],"wp:attachment":[{"href":"https:\/\/ajde-jano.pl\/index.php\/wp-json\/wp\/v2\/media?parent=954"}],"wp:term":[{"taxonomy":"category","embeddable":true,"href":"https:\/\/ajde-jano.pl\/index.php\/wp-json\/wp\/v2\/categories?post=954"},{"taxonomy":"post_tag","embeddable":true,"href":"https:\/\/ajde-jano.pl\/index.php\/wp-json\/wp\/v2\/tags?post=954"}],"curies":[{"name":"wp","href":"https:\/\/api.w.org\/{rel}","templated":true}]}}