{"id":956,"date":"2025-06-21T02:37:02","date_gmt":"2025-06-21T00:37:02","guid":{"rendered":"https:\/\/ajde-jano.pl\/?p=956"},"modified":"2025-06-21T02:37:02","modified_gmt":"2025-06-21T00:37:02","slug":"regulamin-xiv-festiwalu-tancow-w-kregu-w-ostromecku-03-07-08-2025","status":"publish","type":"post","link":"https:\/\/ajde-jano.pl\/index.php\/2025\/06\/21\/regulamin-xiv-festiwalu-tancow-w-kregu-w-ostromecku-03-07-08-2025\/","title":{"rendered":"REGULAMIN XIV FESTIWALU TA\u0143COW W KR\u0118GU W OSTROMECKU 03-07.08.2025"},"content":{"rendered":"\n<ol>\n<li><strong><u>Cel imprezy:<\/u><\/strong><\/li>\n<\/ol>\n<p>Propagowanie \u201eTa\u0144c\u00f3w w Kr\u0119gu\u201d jako formy aktywno\u015bci fizycznej, emocjonalnej, poznawczej i spo\u0142ecznej oraz jako \u017ar\u00f3d\u0142a inspiracji dla tw\u00f3rczo\u015bci artystycznej.<\/p>\n<p>\u00a0Ukazywanie bogactwa kultur narodowych i etnicznych poprzez prezentacj\u0119<\/p>\n<p>\u00a0 g\u0142\u0119bokich warto\u015bci wyra\u017conych w muzyce i ta\u0144cach.<\/p>\n<p>Spotkanie grup uprawiaj\u0105cych ta\u0144ce w kr\u0119gu i wymiana do\u015bwiadcze\u0144, doskonalenie warsztatu\u00a0 instruktorskiego.<\/p>\n<p>Integracja spo\u0142eczno\u015bci lokalnych z\u00a0 grupami ta\u0144cz\u0105cymi\u00a0 poprzez wsp\u00f3lne warsztaty i prezentacje artystyczne<\/p>\n<p><strong>. <u>Zasady<\/u><\/strong><\/p>\n<ol>\n<li>Uczestnicy przyje\u017cd\u017caj\u0105 na w\u0142asny koszt .<\/li>\n<li>Organizator wystawia rachunki za warsztaty po wcze\u015bniejszym zg\u0142oszeniu danych.<\/li>\n<li>Uczestnicy wyra\u017caj\u0105 zgod\u0119 na dokumentowanie ich tw\u00f3rczo\u015bci, rejestracj\u0119<\/li>\n<\/ol>\n<p>\u00a0\u00a0\u00a0\u00a0\u00a0 telewizyjn\u0105 i fotograficzn\u0105 oraz publikowania materia\u0142\u00f3w na stronie<\/p>\n<p>\u00a0\u00a0\u00a0\u00a0\u00a0 www.ade-jano.pl\u00a0 oraz\u00a0\u00a0\u00a0 Facebooku Stowarzyszenia Ajde-Jano.<\/p>\n<ol start=\"4\">\n<li>Organizator zastrzega sobie wy\u0142\u0105czno\u015b\u0107 w nagrywaniu i fotografowaniu<\/li>\n<\/ol>\n<p>\u00a0\u00a0\u00a0\u00a0\u00a0 wszystkich warsztat\u00f3w.<\/p>\n<ol start=\"5\">\n<li>Wszystkie wieczorne po-warsztatowe spotkania taneczne nie s\u0105 dokumentowane,<\/li>\n<\/ol>\n<p>\u00a0\u00a0\u00a0\u00a0 jednak na wyra\u017ane \u017cyczenie uczestnik\u00f3w dopuszczamy tak\u0105 ewentualno\u015b\u0107 po<\/p>\n<p>\u00a0\u00a0\u00a0\u00a0 wcze\u015bniejszym uzgodnieniu z Ajde Jano. <u>Indywidualne nagrywanie z uwagi na RODO<\/u><\/p>\n<p><u>\u00a0\u00a0\u00a0 \u00a0jest zabronione<\/u>.<\/p>\n<ol start=\"6\">\n<li>Na \u017cyczenie, Organizator wystawia potwierdzenie uczestnictwa w warsztatach.<\/li>\n<li>Wszelkie materia\u0142y z odbytych warsztat\u00f3w, \/muzyka oraz dokumentacja<\/li>\n<\/ol>\n<p>\u00a0\u00a0\u00a0\u00a0\u00a0 filmowa\/zostan\u0105 przekazane\u00a0 uczestnikom drog\u0105 mailow\u0105 \/uczestnik warsztat\u00f3w<\/p>\n<p>\u00a0\u00a0\u00a0\u00a0\u00a0 otrzyma link odsy\u0142aj\u0105cy do\u00a0 miejsca z kt\u00f3rego b\u0119dzie mo\u017cliwo\u015b\u0107 pobrania materia\u0142\u00f3w\/.<\/p>\n<p>\u00a0\u00a0\u00a0\u00a0\u00a0 Za materia\u0142y szkoleniowe nie s\u0105 pobierane dodatkowe op\u0142aty.<\/p>\n<ol start=\"8\">\n<li>Uczestnik bior\u0105cy udzia\u0142 w Festiwalu maj\u0105c \u015bwiadomo\u015b\u0107 stanu swojego zdrowia,<\/li>\n<\/ol>\n<p>\u00a0\u00a0\u00a0\u00a0\u00a0\u00a0 w pe\u0142ni bierze na siebie odpowiedzialno\u015b\u0107 za ewentualne za\u017cywanie\u00a0 lek\u00f3w.<\/p>\n<p><strong>Postanowienia organizacyjne:<\/strong><\/p>\n<ol>\n<li>Cena warsztat\u00f3w tanecznych 04.08.-07.08.2025r. wynosi 420 z\u0142.<\/li>\n<\/ol>\n<p>Cena zawiera :<\/p>\n<p>\u00a0&#8211; pakiet warsztat\u00f3w \/7 bloki warsztat\u00f3w.<\/p>\n<p>\u00a0&#8211; przerwy kawowo- herbaciane \/z ciastkiem\/ciastem.<\/p>\n<p>\u00a0&#8211; woda<\/p>\n<p>\u00a0-materia\u0142y dokumentuj\u0105ce warsztaty wysy\u0142ane na maila<\/p>\n<p><br \/>\u00a0\u00a0\u00a0\u00a0\u00a0 Cena za warsztaty dla cz\u0142onk\u00f3w Stowarzyszenia Ajde Jano ,<\/p>\n<p>\u00a0\u00a0\u00a0\u00a0\u00a0 maj\u0105cych\u00a0\u00a0 op\u0142acone sk\u0142adki cz\u0142onkowskie za rok z g\u00f3ry, wynosi 380 z\u0142<\/p>\n<p>\u00a0\u00a0\u00a0\u00a0\u00a0 Lista uczestnik\u00f3w jest zamkni\u0119ta w <strong>nieodwracalnym<\/strong> terminie do 20 lipca 2025 r.<\/p>\n<p>\u00a0\u00a0\u00a0\u00a0\u00a0\u00a0 \/dot. Os\u00f3b korzystaj\u0105cych z wy\u017cywienia \/<\/p>\n<p><strong><u>Informacje dodatkowe. &#8211; noclegi<\/u><\/strong><\/p>\n<p>\u00a0<\/p>\n<p>\u00a0<\/p>\n<ol>\n<li>Oferta noclegowa w Pa\u0142acu w Ostromecku \u2013 ilo\u015b\u0107 ograniczona<\/li>\n<\/ol>\n<p>\u00a0\u00a0\u00a0\u00a0\u00a0 \u00a0\u00a0Pokoje wy\u0142\u0105cznie 2 ,3, 4, \u00a0osobowe, koszt noclegu na osob\u0119 za dob\u0119 to 145 z\u0142 ze\u00a0<\/p>\n<p>\u00a0\u00a0\u00a0\u00a0\u00a0\u00a0 \u00a0\u00a0\u015bniadaniem. \u2013 rezerwacja tylko przez Kart\u0119 zg\u0142oszenia<\/p>\n<p>\u00a0\u00a0\u00a0\u00a0\u00a0\u00a0 \u00a0Wi\u0119kszo\u015b\u0107 pokoi posiada podw\u00f3jne \u0142\u00f3\u017cka. Zg\u0142aszaj\u0105c rezerwacj\u0119 w Pa\u0142acu uczestnicy<\/p>\n<p>\u00a0\u00a0\u00a0\u00a0\u00a0\u00a0\u00a0 Zgadzaja si\u0119 na przydzia\u0142 pokoju z podw\u00f3jnym \u0142\u00f3\u017ckiem \/po\u015bciel jest przydzielona<\/p>\n<p>\u00a0\u00a0\u00a0\u00a0\u00a0\u00a0\u00a0 dla\u00a0\u00a0\u00a0 ka\u017cdej osoby osobno.<\/p>\n<p>\u00a0\u00a0\u00a0\u00a0\u00a0\u00a0\u00a0\u00a0\u00a0\u00a0\u00a0\u00a0 Piersze\u0144stwo zakwaterowania posiadaj\u0105 osoby bior\u0105ce udzia\u0142 w ca\u0142o\u015bci warsztat\u00f3w.<\/p>\n<ol>\n<li>W przypadku zakwaterowania w dowolnym obiekcie noclegowym na terenie<\/li>\n<\/ol>\n<p>\u00a0\u00a0\u00a0\u00a0\u00a0\u00a0\u00a0\u00a0\u00a0\u00a0\u00a0 \u00a0\u00a0Dzielnicy Fordon, dla os\u00f3b\u00a0 niezmotoryzowanych zapewniamy transport<\/p>\n<p>\u00a0\u00a0\u00a0\u00a0\u00a0\u00a0\u00a0\u00a0\u00a0\u00a0 \u00a0\u00a0\u00a0do\u00a0 Ostromecka w obie strony ka\u017cdego dnia.<\/p>\n<ol start=\"2\">\n<li>Wybi\u00f3rczo proponujemy najbli\u017cej po\u0142o\u017cone miejsca noclegowe.<\/li>\n<\/ol>\n<p>\u00a0\u00a0\u00a0\u00a0\u00a0\u00a0\u00a0\u00a0\u00a0\u00a0\u00a0\u00a0\u00a0 \u00a0&#8211;\u00a0 Hotel SMS\u00a0 &#8211; 6,7 km<\/p>\n<p>\u00a0\u00a0\u00a0\u00a0\u00a0\u00a0\u00a0\u00a0\u00a0\u00a0\u00a0\u00a0\u00a0\u00a0 \u00a0\u00a0\u00a0\u00a0<a href=\"https:\/\/www.hostelsms.pl\/pokoje.htm\">https:\/\/www.hostelsms.pl\/pokoje.htm<\/a><\/p>\n<p>\u00a0\u00a0\u00a0\u00a0\u00a0 \u00a0\u00a0\u00a0\u00a0\u00a0\u00a0\u00a0\u00a0\u00a0&#8211;\u00a0 Hostel Rafcar\u00a0 &#8211; 4,5 km do Ostromecka<\/p>\n<p>\u00a0\u00a0\u00a0\u00a0\u00a0\u00a0\u00a0\u00a0\u00a0\u00a0\u00a0\u00a0\u00a0 \u00a0\u00a0\u00a0\u00a0\u00a0<a href=\"http:\/\/pokojerafcar.pl\/\">http:\/\/pokojerafcar.pl\/<\/a><\/p>\n<p>Karta zg\u0142oszenia \u2013 link do wype\u0142nienia online<\/p>\n<p><a href=\"https:\/\/docs.google.com\/forms\/d\/e\/1FAIpQLScJD8C3RGnhH7aHTGH31j07G7vhtx2AF228a5RxeaPV9MHNQQ\/viewform?usp=header\">https:\/\/docs.google.com\/forms\/d\/e\/1FAIpQLScJD8C3RGnhH7aHTGH31j07G7vhtx2AF228a5RxeaPV9MHNQQ\/viewform?usp=header<\/a><\/p>\n<p><strong>Uwaga! <\/strong><\/p>\n<p><strong>W przypadku diety wegetaria\u0144skiej prosimy o zg\u0142oszenie tego faktu drog\u0105 mailow\u0105 najp\u00f3\u017aniej na 2 tygodnie przed rozpocz\u0119ciem Festiwalu. <\/strong><\/p>\n<p><strong>W przypadku nie zg\u0142oszenia wcze\u015bniej wymaga\u0144 dietetycznych, nie jeste\u015bmy w stanie zagwarantowa\u0107 przygotowania posi\u0142k\u00f3w wegetaria\u0144skich.<\/strong><\/p>\n<p><strong>\u00a0<\/strong><strong>Osoby z dieta wega\u0144sk\u0105 zapewniaj\u0105 sobie wy\u017cywienie we w\u0142asnym zakresie<\/strong>.<\/p>\n<table width=\"687\">\n<tbody>\n<tr>\n<td width=\"687\">\n<p><strong>\u00a0\u00a0\u00a0\u00a0\u00a0 Uwaga .<\/strong><\/p>\n<p><strong>rezerwacja miejsc noclegowych w ZPP Ostromecko tylko za po\u015brednictwem <\/strong><strong>\u00a0<\/strong><strong>Stowarzyszenia Ajde-Jano . zaznaczaj\u0105c rezerwacj\u0119 w Karcie Zg\u0142oszenia, <\/strong><\/p>\n<p><strong>\u00a0<\/strong><\/p>\n<p><strong>\u00a0<\/strong><\/p>\n<\/td>\n<\/tr>\n<\/tbody>\n<\/table>\n<p>\u00a0\u00a0\u00a0\u00a0\u00a0<\/p>\n<ol>\n<li><strong>Przedp\u0142ata do 30.06.2025r. <\/strong><strong>.<\/strong><strong>\u00a0\u00a0 <\/strong><strong>w wysoko\u015bci 220 z\u0142<\/strong><\/li>\n<\/ol>\n<ol start=\"2\">\n<li><strong>II Rata Do 25 07. 2025<\/strong><strong> za 200 z\u0142 . Dla czonk\u00f3w Stowarzyszenia z op\u0142aconymi sk\u0142adkami za rok 2025 \u2013 160 z\u0142<\/strong><\/li>\n<\/ol>\n<ol start=\"3\">\n<li><strong>III Rata w przypadku deklaracji wykupienia wy\u017cywienia w przypadku ca\u0142o\u015bci wy\u017cywienia od poniedzia\u0142ku do \u015brody 420 z\u0142\u00a0<\/strong><\/li>\n<\/ol>\n<p><strong>W przypadku udzia\u0142u r\u00f3wnie\u017c w\u00a0 niedzielnym plenerze 03.08. 2025,\u00a0 jest mo\u017cliwo\u015b\u0107 skorzystania z obiadu i kolacji\u00a0 , cena wynosi 105 z\u0142.lub samej kolacji 65 z\u0142. \/Szwecki st\u00f3\u0142 na ciep\u0142o\/ Po zaznaczeniu w karcie zg\u0142oszenia do uregulowania na miejscu, lub r\u00f3wnie\u017c przelewem.<\/strong><\/p>\n<ol start=\"4\">\n<li><strong>Istnieje mo\u017cliwo\u015b\u0107 wp\u0142aty za wy\u017cywienie got\u00f3wk\u0105 na miejscu po uprzednim zg\u0142oszeniu<\/strong><\/li>\n<li><strong>Koszt nocleg\u00f3w 145 z\u0142 ze \u015bniadaniem od osoby\/doba\/, <\/strong><strong>op\u0142ata regulowana jest na miejscu w Recepcji Pa\u0142acu.<\/strong><\/li>\n<\/ol>\n<p><strong>\u00a0\u00a0\u00a0\u00a0\u00a0\u00a0\u00a0\u00a0\u00a0\u00a0 Wp\u0142aty prosimy kierowa\u0107 <\/strong><strong>na konto\u00a0 Stowarzyszenia:<\/strong><\/p>\n<p><strong>\u00a0\u00a0\u00a0\u00a0\u00a0\u00a0\u00a0\u00a0\u00a0\u00a0 <\/strong><strong>93 2030 0045 1110 0000 0231 6440 w PNB PARIBA z dopiskiem \u201eFestiwal 2025\u201d<\/strong><\/p>\n<p>Wi\u0119cej informacji znajdziesz <a href=\"https:\/\/docs.google.com\/document\/d\/1e5Jg1MdGC6MJJEYxBV8oqCk7gORPngyC\/edit?usp=drive_link&amp;ouid=101594661279281224171&amp;rtpof=true&amp;sd=true\">tutaj<\/a>\u00a0<\/p>\n<p><strong>\u00a0<\/strong><\/p>\n<p>\u00a0\u00a0\u00a0\u00a0\u00a0\u00a0\u00a0\u00a0\u00a0\u00a0\u00a0\u00a0\u00a0\u00a0\u00a0\u00a0\u00a0\u00a0\u00a0\u00a0\u00a0\u00a0\u00a0<\/p>\n\n\n","protected":false},"excerpt":{"rendered":"<p>Cel imprezy: Propagowanie \u201eTa\u0144c\u00f3w w Kr\u0119gu\u201d jako formy aktywno\u015bci fizycznej, emocjonalnej, poznawczej i spo\u0142ecznej oraz jako \u017ar\u00f3d\u0142a inspiracji dla tw\u00f3rczo\u015bci artystycznej. \u00a0Ukazywanie bogactwa kultur narodowych i etnicznych poprzez prezentacj\u0119 \u00a0&#8230;<\/p>\n","protected":false},"author":1,"featured_media":312,"comment_status":"closed","ping_status":"closed","sticky":false,"template":"","format":"standard","meta":{"jetpack_post_was_ever_published":false,"_jetpack_newsletter_access":"","_jetpack_dont_email_post_to_subs":false,"_jetpack_newsletter_tier_id":0,"_jetpack_memberships_contains_paywalled_content":false,"two_page_speed":[],"_jetpack_memberships_contains_paid_content":false,"footnotes":"","jetpack_publicize_message":"","jetpack_publicize_feature_enabled":true,"jetpack_social_post_already_shared":false,"jetpack_social_options":{"image_generator_settings":{"template":"highway","default_image_id":0,"enabled":false},"version":2}},"categories":[1],"tags":[],"class_list":["post-956","post","type-post","status-publish","format-standard","has-post-thumbnail","hentry","category-wpis"],"jetpack_publicize_connections":[],"jetpack_featured_media_url":"https:\/\/i0.wp.com\/ajde-jano.pl\/wp-content\/uploads\/DSC00018-e1523228914492.jpg?fit=183%2C103&ssl=1","jetpack_sharing_enabled":true,"jetpack_shortlink":"https:\/\/wp.me\/p9cktr-fq","_links":{"self":[{"href":"https:\/\/ajde-jano.pl\/index.php\/wp-json\/wp\/v2\/posts\/956","targetHints":{"allow":["GET"]}}],"collection":[{"href":"https:\/\/ajde-jano.pl\/index.php\/wp-json\/wp\/v2\/posts"}],"about":[{"href":"https:\/\/ajde-jano.pl\/index.php\/wp-json\/wp\/v2\/types\/post"}],"author":[{"embeddable":true,"href":"https:\/\/ajde-jano.pl\/index.php\/wp-json\/wp\/v2\/users\/1"}],"replies":[{"embeddable":true,"href":"https:\/\/ajde-jano.pl\/index.php\/wp-json\/wp\/v2\/comments?post=956"}],"version-history":[{"count":1,"href":"https:\/\/ajde-jano.pl\/index.php\/wp-json\/wp\/v2\/posts\/956\/revisions"}],"predecessor-version":[{"id":957,"href":"https:\/\/ajde-jano.pl\/index.php\/wp-json\/wp\/v2\/posts\/956\/revisions\/957"}],"wp:featuredmedia":[{"embeddable":true,"href":"https:\/\/ajde-jano.pl\/index.php\/wp-json\/wp\/v2\/media\/312"}],"wp:attachment":[{"href":"https:\/\/ajde-jano.pl\/index.php\/wp-json\/wp\/v2\/media?parent=956"}],"wp:term":[{"taxonomy":"category","embeddable":true,"href":"https:\/\/ajde-jano.pl\/index.php\/wp-json\/wp\/v2\/categories?post=956"},{"taxonomy":"post_tag","embeddable":true,"href":"https:\/\/ajde-jano.pl\/index.php\/wp-json\/wp\/v2\/tags?post=956"}],"curies":[{"name":"wp","href":"https:\/\/api.w.org\/{rel}","templated":true}]}}