{"id":958,"date":"2025-06-21T02:48:24","date_gmt":"2025-06-21T00:48:24","guid":{"rendered":"https:\/\/ajde-jano.pl\/?p=958"},"modified":"2025-06-21T02:54:07","modified_gmt":"2025-06-21T00:54:07","slug":"xiv-ogolnopolski-festiwal-tancow-w-kregu-w-ostromecku-k-bydgoszczy-03-07-08-2025","status":"publish","type":"post","link":"https:\/\/ajde-jano.pl\/index.php\/2025\/06\/21\/xiv-ogolnopolski-festiwal-tancow-w-kregu-w-ostromecku-k-bydgoszczy-03-07-08-2025\/","title":{"rendered":"XIV OG\u00d3LNOPOLSKI FESTIWAL TA\u0143C\u00d3W W KR\u0118GU W OSTROMECKU k\/BYDGOSZCZY 03-07.08.2025"},"content":{"rendered":"\n\n\n<p>Nie jest tajemnic\u0105 , \u017ce taniec usprawnia zar\u00f3wno cia\u0142o jak i umys\u0142! Dodatkowo ta\u0144ce w kr\u0119gu staj\u0105 si\u0119 szans\u0105 na prze\u017cycie rado\u015bci p\u0142yn\u0105cej z ruchu, harmonii i wsp\u00f3lnego tworzenia tanecznego kr\u0119gu. Aby zata\u0144czy\u0107 Zorb\u0119 Hor\u0119 Kalamatianos itp&#8230;nie potrzeba specjalnych umiej\u0119tno\u015bci, \u017ceby w\u0142\u0105czy\u0107 si\u0119 do kr\u0119gu os\u00f3b pragn\u0105cych \u015bwi\u0119towa\u0107 ta\u0144cem bogactwo i r\u00f3\u017cnorodno\u015b\u0107 \u017cycia w nas i wok\u00f3\u0142 nas.<br class=\"html-br\" \/>To ju\u017c XIV edycja odbywaj\u0105cego si\u0119 co roku Festiwalu Ta\u0144ca w kr\u0119gu.<br class=\"html-br\" \/>A od 10 lat z partnerskim wsparciem Miejskiego Centrum Kultury w Ostromecku.<br class=\"html-br\" \/>Taneczne Folkowisko- Mi\u0119dzypokoleniowy Festiwal Ta\u0144c\u00f3w w kr\u0119gu w Ostromecku , z mottem przewodnim: \u201eLATO &#8211; TA\u0143CEM TRADYCYJNYM MALOWANE\u201d odb\u0119dzie si\u0119 w pe\u0142ni lata, gdy\u017c lato to czas wypoczynku i relaksu, gdzie taniec w kr\u0119gu rado\u015bnie nape\u0142ni uczestnik\u00f3w pozytywn\u0105 energi\u0105.<br class=\"html-br\" \/>W pa\u0142acowo-parkowej scenerii, ka\u017cdy kto kocha taniec lub dopiero rozpoczyna przygod\u0119 z ta\u0144cem mo\u017ce 3 sierpnia \/niedziela\/do\u0142\u0105czy\u0107 do tanecznego kr\u0119gu bez wzgl\u0119du na wiek i do\u015bwiadczenie taneczne.<\/p>\n<p>Zobacz Regulamin z cennikiem <a href=\"https:\/\/docs.google.com\/document\/d\/1e5Jg1MdGC6MJJEYxBV8oqCk7gORPngyC\/edit?usp=drive_link&amp;ouid=101594661279281224171&amp;rtpof=true&amp;sd=true\">tutaj<\/a><\/p>\n<p>dla chetnych uczestnik\u00f3w Karta zg\u0142oszenia online <a href=\"https:\/\/docs.google.com\/forms\/d\/e\/1FAIpQLScJD8C3RGnhH7aHTGH31j07G7vhtx2AF228a5RxeaPV9MHNQQ\/viewform?usp=sharing&amp;ouid=101594661279281224171\">tutaj<\/a><\/p>\n\n\n","protected":false},"excerpt":{"rendered":"<p>Nie jest tajemnic\u0105 , \u017ce taniec usprawnia zar\u00f3wno cia\u0142o jak i umys\u0142! Dodatkowo ta\u0144ce w kr\u0119gu staj\u0105 si\u0119 szans\u0105 na prze\u017cycie rado\u015bci p\u0142yn\u0105cej z ruchu, harmonii i wsp\u00f3lnego tworzenia tanecznego&#8230;<\/p>\n","protected":false},"author":1,"featured_media":960,"comment_status":"closed","ping_status":"closed","sticky":false,"template":"","format":"standard","meta":{"jetpack_post_was_ever_published":false,"_jetpack_newsletter_access":"","_jetpack_dont_email_post_to_subs":false,"_jetpack_newsletter_tier_id":0,"_jetpack_memberships_contains_paywalled_content":false,"two_page_speed":[],"_jetpack_memberships_contains_paid_content":false,"footnotes":"","jetpack_publicize_message":"","jetpack_publicize_feature_enabled":true,"jetpack_social_post_already_shared":false,"jetpack_social_options":{"image_generator_settings":{"template":"highway","default_image_id":0,"enabled":false},"version":2}},"categories":[1],"tags":[],"class_list":["post-958","post","type-post","status-publish","format-standard","has-post-thumbnail","hentry","category-wpis"],"jetpack_publicize_connections":[],"jetpack_featured_media_url":"https:\/\/i0.wp.com\/ajde-jano.pl\/wp-content\/uploads\/wydarzenie1-1-1.png?fit=820%2C429&ssl=1","jetpack_sharing_enabled":true,"jetpack_shortlink":"https:\/\/wp.me\/p9cktr-fs","_links":{"self":[{"href":"https:\/\/ajde-jano.pl\/index.php\/wp-json\/wp\/v2\/posts\/958","targetHints":{"allow":["GET"]}}],"collection":[{"href":"https:\/\/ajde-jano.pl\/index.php\/wp-json\/wp\/v2\/posts"}],"about":[{"href":"https:\/\/ajde-jano.pl\/index.php\/wp-json\/wp\/v2\/types\/post"}],"author":[{"embeddable":true,"href":"https:\/\/ajde-jano.pl\/index.php\/wp-json\/wp\/v2\/users\/1"}],"replies":[{"embeddable":true,"href":"https:\/\/ajde-jano.pl\/index.php\/wp-json\/wp\/v2\/comments?post=958"}],"version-history":[{"count":2,"href":"https:\/\/ajde-jano.pl\/index.php\/wp-json\/wp\/v2\/posts\/958\/revisions"}],"predecessor-version":[{"id":964,"href":"https:\/\/ajde-jano.pl\/index.php\/wp-json\/wp\/v2\/posts\/958\/revisions\/964"}],"wp:featuredmedia":[{"embeddable":true,"href":"https:\/\/ajde-jano.pl\/index.php\/wp-json\/wp\/v2\/media\/960"}],"wp:attachment":[{"href":"https:\/\/ajde-jano.pl\/index.php\/wp-json\/wp\/v2\/media?parent=958"}],"wp:term":[{"taxonomy":"category","embeddable":true,"href":"https:\/\/ajde-jano.pl\/index.php\/wp-json\/wp\/v2\/categories?post=958"},{"taxonomy":"post_tag","embeddable":true,"href":"https:\/\/ajde-jano.pl\/index.php\/wp-json\/wp\/v2\/tags?post=958"}],"curies":[{"name":"wp","href":"https:\/\/api.w.org\/{rel}","templated":true}]}}