{"id":962,"date":"2025-06-21T02:50:20","date_gmt":"2025-06-21T00:50:20","guid":{"rendered":"https:\/\/ajde-jano.pl\/?p=962"},"modified":"2025-06-21T02:50:20","modified_gmt":"2025-06-21T00:50:20","slug":"x-swiatowy-dzien-tanca-w-kregu-06-07-2025-myslecinek-polana-grillowa-godz-1100","status":"publish","type":"post","link":"https:\/\/ajde-jano.pl\/index.php\/2025\/06\/21\/x-swiatowy-dzien-tanca-w-kregu-06-07-2025-myslecinek-polana-grillowa-godz-1100\/","title":{"rendered":"X \u015aWIATOWY DZIE\u0143 TA\u0143CA W KR\u0118GU 06.07.2025 MY\u015aL\u0118CINEK &#8211; POLANA GRILLOWA GODZ. 11:00"},"content":{"rendered":"\n<p class=\"x_x_x_MsoNormal\">6 lipca 2025 r. to dziewi\u0105ta edycja\u00a0 \u015awiatowego Dnia Ta\u0144ca w Kr\u0119gu..<\/p>\n<p class=\"x_x_x_MsoNormal\">\u015awiatowy Dzie\u0144 Ta\u0144ca w Kr\u0119gu to \u015bwi\u0119to na ca\u0142ym \u015bwiecie, to fala Mi\u0142o\u015bci i Pokoju, eksperyment intencyjny, kosmiczny festiwal i mn\u00f3stwo dobrej zabawy! Przypomina nam, \u017ce jest tak wielu ludzi, kt\u00f3rzy ceni\u0105 pi\u0119kno, harmoni\u0119, synchroni\u0119 i wsp\u00f3lnot\u0119.<\/p>\n<p class=\"x_x_x_MsoNormal\">Niech ten dzie\u0144 stanie wsp\u00f3lnym do\u015bwiadczeniem ta\u0144ca ponad wszelkie podzia\u0142y.<\/p>\n<p class=\"x_x_x_MsoNormal\">Przez 2 godziny trzymaj\u0105c si\u0119 r\u0119ce b\u0119dziemy towarzyszy\u0107 nam taniec przy pi\u0119knej muzyce i prostych krokach. Zostan\u0105 zata\u0144czone\u00a0 mi\u0119dzy innymi trzy\u00a0 ta\u0144ce wybrane przez\u00a0<a id=\"LPlnk121297\" href=\"https:\/\/globalcircledance.com\/\" target=\"_blank\" rel=\"noopener noreferrer\">https:\/\/globalcircledance.com\/<\/a>\u00a0Ta\u0144ce, kt\u00f3re b\u0119d\u0105 odta\u0144czone na ca\u0142ym \u015bwiecie.<\/p>\n<p class=\"x_x_x_MsoNormal\">Miejsce Le\u015bny Par Kultury i Wypoczynki My\u015bl\u0119cinek \/ Polana Grillowa.<\/p>\n<p class=\"x_x_x_MsoNormal\">Godz. 11:00 startujemy.<\/p>\n","protected":false},"excerpt":{"rendered":"<p>6 lipca 2025 r. to dziewi\u0105ta edycja\u00a0 \u015awiatowego Dnia Ta\u0144ca w Kr\u0119gu.. \u015awiatowy Dzie\u0144 Ta\u0144ca w Kr\u0119gu to \u015bwi\u0119to na ca\u0142ym \u015bwiecie, to fala Mi\u0142o\u015bci i Pokoju, eksperyment intencyjny, kosmiczny&#8230;<\/p>\n","protected":false},"author":1,"featured_media":959,"comment_status":"closed","ping_status":"closed","sticky":false,"template":"","format":"standard","meta":{"jetpack_post_was_ever_published":false,"_jetpack_newsletter_access":"","_jetpack_dont_email_post_to_subs":false,"_jetpack_newsletter_tier_id":0,"_jetpack_memberships_contains_paywalled_content":false,"two_page_speed":[],"_jetpack_memberships_contains_paid_content":false,"footnotes":"","jetpack_publicize_message":"","jetpack_publicize_feature_enabled":true,"jetpack_social_post_already_shared":false,"jetpack_social_options":{"image_generator_settings":{"template":"highway","default_image_id":0,"enabled":false},"version":2}},"categories":[1],"tags":[],"class_list":["post-962","post","type-post","status-publish","format-standard","has-post-thumbnail","hentry","category-wpis"],"jetpack_publicize_connections":[],"jetpack_featured_media_url":"https:\/\/i0.wp.com\/ajde-jano.pl\/wp-content\/uploads\/Polskie-2025-WCDDay-1.jpg?fit=1200%2C1200&ssl=1","jetpack_sharing_enabled":true,"jetpack_shortlink":"https:\/\/wp.me\/p9cktr-fw","_links":{"self":[{"href":"https:\/\/ajde-jano.pl\/index.php\/wp-json\/wp\/v2\/posts\/962","targetHints":{"allow":["GET"]}}],"collection":[{"href":"https:\/\/ajde-jano.pl\/index.php\/wp-json\/wp\/v2\/posts"}],"about":[{"href":"https:\/\/ajde-jano.pl\/index.php\/wp-json\/wp\/v2\/types\/post"}],"author":[{"embeddable":true,"href":"https:\/\/ajde-jano.pl\/index.php\/wp-json\/wp\/v2\/users\/1"}],"replies":[{"embeddable":true,"href":"https:\/\/ajde-jano.pl\/index.php\/wp-json\/wp\/v2\/comments?post=962"}],"version-history":[{"count":1,"href":"https:\/\/ajde-jano.pl\/index.php\/wp-json\/wp\/v2\/posts\/962\/revisions"}],"predecessor-version":[{"id":963,"href":"https:\/\/ajde-jano.pl\/index.php\/wp-json\/wp\/v2\/posts\/962\/revisions\/963"}],"wp:featuredmedia":[{"embeddable":true,"href":"https:\/\/ajde-jano.pl\/index.php\/wp-json\/wp\/v2\/media\/959"}],"wp:attachment":[{"href":"https:\/\/ajde-jano.pl\/index.php\/wp-json\/wp\/v2\/media?parent=962"}],"wp:term":[{"taxonomy":"category","embeddable":true,"href":"https:\/\/ajde-jano.pl\/index.php\/wp-json\/wp\/v2\/categories?post=962"},{"taxonomy":"post_tag","embeddable":true,"href":"https:\/\/ajde-jano.pl\/index.php\/wp-json\/wp\/v2\/tags?post=962"}],"curies":[{"name":"wp","href":"https:\/\/api.w.org\/{rel}","templated":true}]}}